{"id":36,"count":1,"description":"Barbara Frank-Job estudi\u00f3 Filolog\u00eda Rom\u00e1nica y Germ\u00e1nica en Friburgo de Brisgovia y Tolosa y se doctor\u00f3 en Friburgo en 1992. Entre 1988 y 1996 form\u00f3 parte del Centro de Investigaciones (SFB) no 321 \"Transiciones y tensiones entre oralidad y escrituralidad\" de la DFG en Friburgo y obtuvo la venia legendi en Friburgo en 1999 con un trabajo sobre la emergencia de las tradiciones discursivas en franc\u00e9s entre los a\u00f1os 800 y 1250. Frank-Job realiz\u00f3 estancias de investigaci\u00f3n en Par\u00eds, Tolosa, Oxford, Londres, Cambridge, Granada y Qu\u00e9bec, dio clases en Friburgo y Tubinga y fue interina en Tubinga, en la Universidad \"Humboldt\" de Berl\u00edn y en Ratisbona. Desde el 2004 es Catedr\u00e1tica de An\u00e1lisis de la Comunicaci\u00f3n y Ling\u00fc\u00edstica Rom\u00e1nica en la Universidad de Bielefeld. Sus principales l\u00edneas de investigaci\u00f3n son el cambio ling\u00fc\u00edstico y la migraci\u00f3n empleando el an\u00e1lisis del discurso y la ling\u00fc\u00edstica de corpus como m\u00e9todos. Desde el 2013 es la investigadora principal de un proyecto interdisciplinar sobre el an\u00e1lisis ling\u00fc\u00edstico de entrevistas cl\u00ednicas con pacientes que han padecido crisis epil\u00e9pticas.","link":"https:\/\/www.kipu-verlag.de\/en\/autor-in\/frank-job-barbara\/","name":"Barbara Frank-Job","slug":"frank-job-barbara","taxonomy":"autor_in","parent":0,"meta":[],"_links":{"self":[{"href":"https:\/\/www.kipu-verlag.de\/en\/wp-json\/wp\/v2\/autor_in\/36","targetHints":{"allow":["GET"]}}],"collection":[{"href":"https:\/\/www.kipu-verlag.de\/en\/wp-json\/wp\/v2\/autor_in"}],"about":[{"href":"https:\/\/www.kipu-verlag.de\/en\/wp-json\/wp\/v2\/taxonomies\/autor_in"}],"wp:post_type":[{"href":"https:\/\/www.kipu-verlag.de\/en\/wp-json\/wp\/v2\/posts?autor_in=36"},{"href":"https:\/\/www.kipu-verlag.de\/en\/wp-json\/wp\/v2\/pages?autor_in=36"},{"href":"https:\/\/www.kipu-verlag.de\/en\/wp-json\/wp\/v2\/media?autor_in=36"},{"href":"https:\/\/www.kipu-verlag.de\/en\/wp-json\/wp\/v2\/buch?autor_in=36"}],"curies":[{"name":"wp","href":"https:\/\/api.w.org\/{rel}","templated":true}]}}