{"id":166,"count":3,"description":"Editorxs: Olaf Kaltmeier, Eleonora Rohland, Le\u00f3n Enrique \u00c1vila Romero, Gerardo Cham, Virginia Garc\u00eda Acosta, Anthony Goebel McDermott, Ricardo A. Guti\u00e9rrez, Susana Herrera-Lima, Cecilia Ibarra, Sof\u00eda Mendoza Bohne, Elissa Rashkin, Eduardo Relly, Helge Wendt, Adri\u00e1n Gustavo Zarrilli.","link":"https:\/\/www.kipu-verlag.de\/es\/reihe\/afrontar-las-crisis-ambientales\/","name":"Afrontar las crisis ambientales","slug":"afrontar-las-crisis-ambientales","taxonomy":"category","parent":0,"meta":[],"_links":{"self":[{"href":"https:\/\/www.kipu-verlag.de\/es\/wp-json\/wp\/v2\/categories\/166","targetHints":{"allow":["GET"]}}],"collection":[{"href":"https:\/\/www.kipu-verlag.de\/es\/wp-json\/wp\/v2\/categories"}],"about":[{"href":"https:\/\/www.kipu-verlag.de\/es\/wp-json\/wp\/v2\/taxonomies\/category"}],"wp:post_type":[{"href":"https:\/\/www.kipu-verlag.de\/es\/wp-json\/wp\/v2\/posts?categories=166"},{"href":"https:\/\/www.kipu-verlag.de\/es\/wp-json\/wp\/v2\/buch?categories=166"}],"curies":[{"name":"wp","href":"https:\/\/api.w.org\/{rel}","templated":true}]}}