{"id":190,"date":"2025-05-02T18:58:11","date_gmt":"2025-05-02T16:58:11","guid":{"rendered":"https:\/\/kipu-verlag.de\/?p=190"},"modified":"2025-06-21T19:00:32","modified_gmt":"2025-06-21T17:00:32","slug":"buchmesse-2025","status":"publish","type":"post","link":"https:\/\/www.kipu-verlag.de\/es\/buchmesse-2025\/","title":{"rendered":"Lanzamiento del sitio web en julio del 2025"},"content":{"rendered":"<p>La nueva p\u00e1gina web de Kipu-Verlag se lanzar\u00e1 en julio de 2025. Tras muchos a\u00f1os vinculada al Centro de Estudios Interamericanos de la Universidad de Bielefeld, con el que la editorial sigue manteniendo una estrecha relaci\u00f3n, esta es una medida importante para aumentar la visibilidad y la comunicaci\u00f3n transregional de nuestros libros. Queremos agradecer al colectivo de dise\u00f1o frankfurtwest su concepto y colaboraci\u00f3n.<\/p>","protected":false},"excerpt":{"rendered":"<p>Mit Juli 2025 geht die neue Kipu-Verlag Webpage online. Nach vielen Jahren im Gep\u00e4ck des Center for InterAmerican Studies der Universit\u00e4t Bielefeld mit dem der Verlag nach wie vor eng verbunden ist, stellt dieser Schritt eine wichtige Weiche f\u00fcr Sichtbarkeit und transregionale Kommunikation unserer B\u00fccher dar. Wir bedanken uns herzlich beim Designkollektiv frankfurtwest f\u00fcr die [&hellip;]<\/p>\n","protected":false},"author":2,"featured_media":58,"comment_status":"open","ping_status":"open","sticky":false,"template":"","format":"standard","meta":{"inline_featured_image":false,"footnotes":""},"categories":[1],"tags":[],"autor_in":[],"class_list":["post-190","post","type-post","status-publish","format-standard","has-post-thumbnail","hentry","category-allgemein"],"_links":{"self":[{"href":"https:\/\/www.kipu-verlag.de\/es\/wp-json\/wp\/v2\/posts\/190","targetHints":{"allow":["GET"]}}],"collection":[{"href":"https:\/\/www.kipu-verlag.de\/es\/wp-json\/wp\/v2\/posts"}],"about":[{"href":"https:\/\/www.kipu-verlag.de\/es\/wp-json\/wp\/v2\/types\/post"}],"author":[{"embeddable":true,"href":"https:\/\/www.kipu-verlag.de\/es\/wp-json\/wp\/v2\/users\/2"}],"replies":[{"embeddable":true,"href":"https:\/\/www.kipu-verlag.de\/es\/wp-json\/wp\/v2\/comments?post=190"}],"version-history":[{"count":3,"href":"https:\/\/www.kipu-verlag.de\/es\/wp-json\/wp\/v2\/posts\/190\/revisions"}],"predecessor-version":[{"id":1505,"href":"https:\/\/www.kipu-verlag.de\/es\/wp-json\/wp\/v2\/posts\/190\/revisions\/1505"}],"wp:featuredmedia":[{"embeddable":true,"href":"https:\/\/www.kipu-verlag.de\/es\/wp-json\/wp\/v2\/media\/58"}],"wp:attachment":[{"href":"https:\/\/www.kipu-verlag.de\/es\/wp-json\/wp\/v2\/media?parent=190"}],"wp:term":[{"taxonomy":"category","embeddable":true,"href":"https:\/\/www.kipu-verlag.de\/es\/wp-json\/wp\/v2\/categories?post=190"},{"taxonomy":"post_tag","embeddable":true,"href":"https:\/\/www.kipu-verlag.de\/es\/wp-json\/wp\/v2\/tags?post=190"},{"taxonomy":"autor_in","embeddable":true,"href":"https:\/\/www.kipu-verlag.de\/es\/wp-json\/wp\/v2\/autor_in?post=190"}],"curies":[{"name":"wp","href":"https:\/\/api.w.org\/{rel}","templated":true}]}}